{"id":9866,"date":"2026-03-31T19:16:46","date_gmt":"2026-03-31T17:16:46","guid":{"rendered":"https:\/\/dianadelajara.com\/sin-categoria\/cachorro-153\/"},"modified":"2026-04-04T23:44:22","modified_gmt":"2026-04-04T21:44:22","slug":"cachorro-153","status":"publish","type":"post","link":"https:\/\/dianadelajara.com\/fr\/vente\/cachorro-153\/","title":{"rendered":"Chiot Labrador cr\u00e8me"},"content":{"rendered":"<h2 class=\"wp-block-heading\">Labrador<\/h2>\n<h3 class=\"gb-headline gb-headline-043b0129 gb-headline-text\">950 \u20ac<\/h3>\n<p style=\"font-style: normal; font-weight: bold; margin-top: 10px;\">Sexo: \u2642 | Color: crema | Notas:<\/p>\n<p><strong>Date de naissance (approximative) :<\/strong><\/p>\n<p>Caract\u00e9ristiques de livraison :<br \/>\n\u2013 Ils sont distribu\u00e9s d\u00e8s l&#039;\u00e2ge de deux mois.<br \/>\n\u2013 Vaccin\u00e9 et vermifug\u00e9, tous ses vaccins sont \u00e0 jour.<br \/>\n\u2013 Garantie \u00e9crite contre les virus et les maladies g\u00e9n\u00e9tiques.<br \/>\n\u2013 Carnet de vaccination v\u00e9rifi\u00e9 par notre v\u00e9t\u00e9rinaire de confiance.<br \/>\n\u2013 Possibilit\u00e9 d\u2019obtenir un pedigree, tout comme leurs parents impressionnants.<\/p>\n<figure class=\"wp-block-image size-large\"><img decoding=\"async\" class=\"alignnone size-medium wp-image-9881 aligncenter\" src=\"https:\/\/dianadelajara.com\/wp-content\/uploads\/2026\/03\/IMG_4306-225x300.jpeg\" alt=\"Chiot Labrador cr\u00e8me\" width=\"225\" height=\"300\" srcset=\"https:\/\/dianadelajara.com\/wp-content\/uploads\/2026\/03\/IMG_4306-225x300.jpeg 225w, https:\/\/dianadelajara.com\/wp-content\/uploads\/2026\/03\/IMG_4306-768x1024.jpeg 768w, https:\/\/dianadelajara.com\/wp-content\/uploads\/2026\/03\/IMG_4306-1152x1536.jpeg 1152w, https:\/\/dianadelajara.com\/wp-content\/uploads\/2026\/03\/IMG_4306-1536x2048.jpeg 1536w, https:\/\/dianadelajara.com\/wp-content\/uploads\/2026\/03\/IMG_4306-9x12.jpeg 9w, https:\/\/dianadelajara.com\/wp-content\/uploads\/2026\/03\/IMG_4306-scaled.jpeg 1920w\" sizes=\"(max-width: 225px) 100vw, 225px\" \/><\/figure>\n<p>Si vous avez des questions ou si vous souhaitez les rencontrer en personne, n&#039;h\u00e9sitez pas \u00e0 nous contacter.<\/p>\n<div style=\"display: flex; justify-content: center; margin: 30px 0; padding: 0 15px;\"><a style=\"display: inline-flex; align-items: center; justify-content: center; gap: 12px; padding: 12px 32px; background: #25D366; color: white; text-decoration: none; border-radius: 35px; font-weight: bold; font-size: 17px; line-height: 1; box-shadow: 0 8px 20px rgba(37,211,102,0.4); white-space: nowrap;\" href=\"https:\/\/wa.me\/34614422831?text=Hola Loles, he visto el labrador color crema en la web y me gustar\u00eda saber m\u00e1s.\" target=\"_blank\" rel=\"noopener noreferrer nofollow\">Contactez-moi via WhatsApp<\/a><\/div>\n<p>No dejes pasar la oportunidad de darle la bienvenida a este maravilloso labrador.<\/p>","protected":false},"excerpt":{"rendered":"<p>labrador 950 \u20ac Sexo: \u2642 | Color: crema | Notas: Fecha de nacimiento (aprox): Caracter\u00edsticas de entrega: \u2013 Se entregan a partir de los dos meses de edad. \u2013 Vacunados y desparasitados, con todas las vacunas al d\u00eda. \u2013 Garant\u00eda &#8230; <a title=\"Chiot Labrador cr\u00e8me\" class=\"read-more\" href=\"https:\/\/dianadelajara.com\/fr\/vente\/cachorro-153\/\" aria-label=\"En savoir plus sur Cachorro labrador crema\">Lire plus<\/a><\/p>","protected":false},"author":1,"featured_media":9879,"comment_status":"open","ping_status":"closed","sticky":false,"template":"","format":"standard","meta":{"_eb_attr":"","Raza":"labrador","Precio":"950","Sexo":"\u2642","Color":"crema","Tama\u00f1o":"","Fecha_Nacimiento":"","Entrega_Edad":"","ID_Nocodb":"153","footnotes":""},"categories":[387],"tags":[],"class_list":["post-9866","post","type-post","status-publish","format-standard","has-post-thumbnail","hentry","category-venta","generate-columns","tablet-grid-50","mobile-grid-100","grid-parent","grid-33"],"_links":{"self":[{"href":"https:\/\/dianadelajara.com\/fr\/wp-json\/wp\/v2\/posts\/9866","targetHints":{"allow":["GET"]}}],"collection":[{"href":"https:\/\/dianadelajara.com\/fr\/wp-json\/wp\/v2\/posts"}],"about":[{"href":"https:\/\/dianadelajara.com\/fr\/wp-json\/wp\/v2\/types\/post"}],"author":[{"embeddable":true,"href":"https:\/\/dianadelajara.com\/fr\/wp-json\/wp\/v2\/users\/1"}],"replies":[{"embeddable":true,"href":"https:\/\/dianadelajara.com\/fr\/wp-json\/wp\/v2\/comments?post=9866"}],"version-history":[{"count":2,"href":"https:\/\/dianadelajara.com\/fr\/wp-json\/wp\/v2\/posts\/9866\/revisions"}],"predecessor-version":[{"id":9882,"href":"https:\/\/dianadelajara.com\/fr\/wp-json\/wp\/v2\/posts\/9866\/revisions\/9882"}],"wp:featuredmedia":[{"embeddable":true,"href":"https:\/\/dianadelajara.com\/fr\/wp-json\/wp\/v2\/media\/9879"}],"wp:attachment":[{"href":"https:\/\/dianadelajara.com\/fr\/wp-json\/wp\/v2\/media?parent=9866"}],"wp:term":[{"taxonomy":"category","embeddable":true,"href":"https:\/\/dianadelajara.com\/fr\/wp-json\/wp\/v2\/categories?post=9866"},{"taxonomy":"post_tag","embeddable":true,"href":"https:\/\/dianadelajara.com\/fr\/wp-json\/wp\/v2\/tags?post=9866"}],"curies":[{"name":"wp","href":"https:\/\/api.w.org\/{rel}","templated":true}]}}